{"id":6343,"date":"2024-11-07T10:39:20","date_gmt":"2024-11-07T09:39:20","guid":{"rendered":"https:\/\/www.hausbrandt.it\/max-pasticcerie-caffetteria-hausbrandt\/"},"modified":"2024-11-07T11:49:23","modified_gmt":"2024-11-07T10:49:23","slug":"max-pasticcerie-caffetteria-hausbrandt","status":"publish","type":"post","link":"https:\/\/www.hausbrandt.it\/fr\/max-pasticcerie-caffetteria-hausbrandt\/","title":{"rendered":"\u201cMax Pasticcerie Caffetteria Hausbrandt\u201d"},"content":{"rendered":"\n<p><strong>Un lieu embl\u00e9matique de Tr\u00e9vise rena\u00eet avec une touche de douceur et l\u2019ar\u00f4me inimitable du caf\u00e9<\/strong><\/p>\n\n\n\n<p>Un nouveau chapitre s\u2019ouvre pour l\u2019historique caf\u00e9 Hausbrandt de Tr\u00e9vise&nbsp;: \u00ab&nbsp;Max Pasticcerie Caffetteria Hausbrandt&nbsp;\u00bb sera inaugur\u00e9e le 9 novembre au n\u00b048 du Corso del Popolo. Une r\u00e9ouverture qui s\u2019annonce pleine de surprises sucr\u00e9es, gr\u00e2ce \u00e0 la collaboration prestigieuse entre le Groupe Hausbrandt pr\u00e9sid\u00e9 par Martino Zanetti et Max Pasticcerie du Ma\u00eetre P\u00e2tissier Massimo Albanese, aim\u00e9e et reconnue par les Tr\u00e9visans pour ses cr\u00e9ations uniques.<\/p>\n\n\n\n<p>L\u2019ancien Bar Nazionale se transforme en une oasis de go\u00fbt o\u00f9 la tradition de la p\u00e2tisserie rencontre l&rsquo;excellence du caf\u00e9 Hausbrandt. Les amateurs de douceurs pourront d\u00e9guster une s\u00e9lection des meilleures cr\u00e9ations du Ma\u00eetre AMPI Massimo Albanese, dont son Tiramis\u00f9, laur\u00e9at des prix Cucchiaio di Cristallo et Tiramis\u00f9 di Treviso.<\/p>\n\n\n\n<p>Ces cr\u00e9ations sucr\u00e9es associent des ingr\u00e9dients de la plus haute qualit\u00e9 et notamment le pr\u00e9cieux caf\u00e9 Gourmet, un m\u00e9lange extraordinaire de caf\u00e9 100&nbsp;% Arabica provenant de l\u2019Am\u00e9rique centrale, de l\u2019Am\u00e9rique du Sud et de l\u2019Afrique. Son ar\u00f4me vous enveloppe avec des notes d\u00e9licates de noisette et de vanille, anticipant une saveur raffin\u00e9e qui rappelle le chocolat au lait, la noisette et la fra\u00eecheur des agrumes, une exp\u00e9rience sensorielle unique pour l&rsquo;espresso, le cappuccino et d&rsquo;autres pr\u00e9parations \u00e0 base de caf\u00e9.<\/p>\n\n\n\n<p>La collaboration entre Max Pasticcerie et Hausbrandt consolide la synergie entre deux entit\u00e9s qui partagent les m\u00eames valeurs&nbsp;: la passion, la recherche de la qualit\u00e9 et l&rsquo;attention au client. En effet, depuis 2014, avec l\u2019ouverture de la Pasticceria Max Caffetteria Hausbrandt de Via Canova, Massimo Albanese apporte son exp\u00e9rience et son savoir-faire dans la cr\u00e9ation de douceurs uniques, qui se marient parfaitement avec l&rsquo;ar\u00f4me intense et enveloppant du caf\u00e9 Hausbrandt.<\/p>\n\n\n\n<p>La c\u00e9r\u00e9monie d\u2019inauguration de la nouvelle p\u00e2tisserie se d\u00e9roulera en pr\u00e9sence du Maire et des Autorit\u00e9s, t\u00e9moignant de l\u2019importance de la renaissance d\u2019un lieu symbole de la ville, qui se renouvelle gr\u00e2ce \u00e0 la passion et \u00e0 l&rsquo;engagement de Max Pasticcerie et de Hausbrandt.<\/p>\n\n\n\n<p>Max Pasticcerie Caffetteria Hausbrandt<br>Corso del Popolo 48 &#8211; Tr\u00e9vise<br><strong>Ouverture le 9 novembre de 16h00 \u00e0 17h00<\/strong><\/p>\n\n\n\n<figure class=\"wp-block-image size-large\"><img loading=\"lazy\" decoding=\"async\" width=\"1024\" height=\"1024\" src=\"https:\/\/www.hausbrandt.it\/wp-content\/uploads\/facebook-1024x1024.jpg\" alt=\"\" class=\"wp-image-6337\" srcset=\"https:\/\/www.hausbrandt.it\/wp-content\/uploads\/facebook-1024x1024.jpg 1024w, https:\/\/www.hausbrandt.it\/wp-content\/uploads\/facebook-300x300.jpg 300w, https:\/\/www.hausbrandt.it\/wp-content\/uploads\/facebook-150x150.jpg 150w, https:\/\/www.hausbrandt.it\/wp-content\/uploads\/facebook-768x768.jpg 768w, https:\/\/www.hausbrandt.it\/wp-content\/uploads\/facebook-1536x1536.jpg 1536w, https:\/\/www.hausbrandt.it\/wp-content\/uploads\/facebook-2048x2048.jpg 2048w\" sizes=\"auto, (max-width: 1024px) 100vw, 1024px\" \/><\/figure>\n","protected":false},"excerpt":{"rendered":"<p>Un lieu embl\u00e9matique de Tr\u00e9vise rena\u00eet avec une touche de douceur et l\u2019ar\u00f4me inimitable du caf\u00e9 Un nouveau chapitre s\u2019ouvre pour l\u2019historique caf\u00e9 Hausbrandt de Tr\u00e9vise&nbsp;: \u00ab&nbsp;Max Pasticcerie Caffetteria Hausbrandt&nbsp;\u00bb sera inaugur\u00e9e le 9 novembre au n\u00b048 du Corso del Popolo. Une r\u00e9ouverture qui s\u2019annonce pleine de surprises sucr\u00e9es, gr\u00e2ce \u00e0 la collaboration prestigieuse entre [&hellip;]<\/p>\n","protected":false},"author":1,"featured_media":6661,"comment_status":"closed","ping_status":"closed","sticky":false,"template":"","format":"standard","meta":{"_acf_changed":false,"_seopress_robots_primary_cat":"none","_seopress_titles_title":"","_seopress_titles_desc":"","_seopress_robots_index":"","footnotes":""},"categories":[82],"tags":[],"class_list":["post-6343","post","type-post","status-publish","format-standard","has-post-thumbnail","hentry","category-non-classifiee"],"acf":{"immagine_articolo_mobile":6333,"galleria_immagini_per_slider":"","color":"#416791","articoli_correlati":""},"featured_image_url":"https:\/\/www.hausbrandt.it\/wp-content\/uploads\/HTS-BLOG-DK.jpg","categories_slug":["non-classifiee"],"_links":{"self":[{"href":"https:\/\/www.hausbrandt.it\/fr\/wp-json\/wp\/v2\/posts\/6343","targetHints":{"allow":["GET"]}}],"collection":[{"href":"https:\/\/www.hausbrandt.it\/fr\/wp-json\/wp\/v2\/posts"}],"about":[{"href":"https:\/\/www.hausbrandt.it\/fr\/wp-json\/wp\/v2\/types\/post"}],"author":[{"embeddable":true,"href":"https:\/\/www.hausbrandt.it\/fr\/wp-json\/wp\/v2\/users\/1"}],"replies":[{"embeddable":true,"href":"https:\/\/www.hausbrandt.it\/fr\/wp-json\/wp\/v2\/comments?post=6343"}],"version-history":[{"count":3,"href":"https:\/\/www.hausbrandt.it\/fr\/wp-json\/wp\/v2\/posts\/6343\/revisions"}],"predecessor-version":[{"id":6354,"href":"https:\/\/www.hausbrandt.it\/fr\/wp-json\/wp\/v2\/posts\/6343\/revisions\/6354"}],"wp:featuredmedia":[{"embeddable":true,"href":"https:\/\/www.hausbrandt.it\/fr\/wp-json\/wp\/v2\/media\/6661"}],"wp:attachment":[{"href":"https:\/\/www.hausbrandt.it\/fr\/wp-json\/wp\/v2\/media?parent=6343"}],"wp:term":[{"taxonomy":"category","embeddable":true,"href":"https:\/\/www.hausbrandt.it\/fr\/wp-json\/wp\/v2\/categories?post=6343"},{"taxonomy":"post_tag","embeddable":true,"href":"https:\/\/www.hausbrandt.it\/fr\/wp-json\/wp\/v2\/tags?post=6343"}],"curies":[{"name":"wp","href":"https:\/\/api.w.org\/{rel}","templated":true}]}}